{"id":6126,"date":"2022-10-31T23:06:05","date_gmt":"2022-10-31T22:06:05","guid":{"rendered":"https:\/\/www.stz-fr.de\/cms\/?p=6126"},"modified":"2022-11-01T01:47:21","modified_gmt":"2022-11-01T00:47:21","slug":"workshop-auf-der-yescon-3-0-keine-angst-vor-strahlentherapie","status":"publish","type":"post","link":"https:\/\/www.stz-fr.de\/cms\/2022\/10\/workshop-auf-der-yescon-3-0-keine-angst-vor-strahlentherapie\/","title":{"rendered":"Workshop auf der YES!CON 3.0: &#8222;Keine Angst vor Strahlentherapie&#8220;"},"content":{"rendered":"<p><img loading=\"lazy\" decoding=\"async\" class=\"alignnone size-medium wp-image-6136\" src=\"https:\/\/www.stz-fr.de\/cms\/wp-content\/uploads\/2022\/10\/Titelbild_LinkedIn_1682x1304px_1a-300x233.jpg\" alt=\"\" width=\"300\" height=\"233\" \/><\/p>\n<p>Wie k\u00f6nnen bei Patientinnen und Patienten \u00c4ngste vor einer Strahlentherapie abgebaut werden? Der Workshop bei der YES!CON 3.0 gab dazu eine klare Antwort: Informationen, Aufkl\u00e4rung, der Mut, die behandelnden Strahlentherapeut*innen mit Fragen zu l\u00f6chern &#8211; und, nicht zuletzt, so ein \u201eRiesending\u201c von Linearbeschleuniger mal aus n\u00e4chster N\u00e4he ansehen. Technik zum Anfassen eben.<\/p>\n<p>Vieles ist immer noch unbekannt \u00fcber die Strahlentherapie. Dabei hat sich da die letzten paar Jahre ganz viel getan: dank Digitalisierung und HighTech-Rechnerkapazit\u00e4ten ist die Behandlung viel zielgenauer und damit nebenwirkungs\u00e4rmer geworden. Dem Patientenkomfort dient die jetzt m\u00f6glich gewordene Verk\u00fcrzung der Gesamtbehandlungszeit. Und nicht zu vergessen die verbesserte Patientenunterst\u00fctzung, wie sie in Freiburg durch die Pflegeambulanz mit Krankenschwestern (spezialisiert auf Hautpflege) und die psychosoziale Sprechstunde des Psychoonkologen Carsten Witte geleistet wird.<\/p>\n<p><a href=\"https:\/\/www.linkedin.com\/in\/dany-michalski-565260145\/\" target=\"_blank\" rel=\"noopener\">Dany Michalski<\/a> berichtete ihre \u201aPatient Experience\u2018 als Brustkrebspatientin: wie sie die diese psychosoziale Sprechstunde sch\u00e4tzte, wie sie Meditation als Quelle f\u00fcr Kraft und Ruhe nutzte, und &#8211; ganz wichtig &#8211; wie sie mit vielen Fragen zu ihrer Erkrankung, Diagnostik &amp; Therapie all ihre \u00c4rztinnen &amp; \u00c4rzte forderte.<\/p>\n<p>Fragen, Fragen, Fragen &#8211; nur wenn die Antworten zum Verstehen f\u00fchren, kann das notwendige Vertrauen in die hochwirksame HighTech-Medizin bei Patientinnen und Patienten entstehen und gest\u00e4rkt werden.<\/p>\n<p>Das komplette Video des Workshops vom 15.11.2022 kann unter der URL <a href=\"https:\/\/bit.ly\/YESCON2022_Strahlentherapie\" target=\"_blank\" rel=\"noopener\">https:\/\/bit.ly\/YESCON2022_Strahlentherapie<\/a>\u00a0abgerufen werden.<\/p>\n<p>&nbsp;<\/p>\n<p><video controls=\"controls\" width=\"703\" height=\"703\"><source src=\"https:\/\/bit.ly\/YESCON2022_Strahlentherapie\" \/><source src=\"https:\/\/bit.ly\/YESCON2022_Strahlentherapie\" \/><\/video><\/p>\n<p>&nbsp;<\/p>\n","protected":false},"excerpt":{"rendered":"<p>Wie k\u00f6nnen bei Patientinnen und Patienten \u00c4ngste vor einer Strahlentherapie abgebaut werden? Der Workshop bei der YES!CON 3.0 gab dazu eine klare Antwort: Informationen, Aufkl\u00e4rung, der Mut, die behandelnden Strahlentherapeut*innen mit Fragen zu l\u00f6chern &#8211; und, nicht zuletzt, so ein \u201eRiesending\u201c von Linearbeschleuniger mal aus n\u00e4chster N\u00e4he ansehen. Technik zum Anfassen eben. Vieles ist immer [&hellip;]<\/p>\n","protected":false},"author":3,"featured_media":0,"comment_status":"closed","ping_status":"open","sticky":false,"template":"","format":"standard","meta":{"_et_pb_use_builder":"off","_et_pb_old_content":"","_et_gb_content_width":"","footnotes":""},"categories":[1],"tags":[],"class_list":["post-6126","post","type-post","status-publish","format-standard","hentry","category-allgemein"],"_links":{"self":[{"href":"https:\/\/www.stz-fr.de\/cms\/wp-json\/wp\/v2\/posts\/6126","targetHints":{"allow":["GET"]}}],"collection":[{"href":"https:\/\/www.stz-fr.de\/cms\/wp-json\/wp\/v2\/posts"}],"about":[{"href":"https:\/\/www.stz-fr.de\/cms\/wp-json\/wp\/v2\/types\/post"}],"author":[{"embeddable":true,"href":"https:\/\/www.stz-fr.de\/cms\/wp-json\/wp\/v2\/users\/3"}],"replies":[{"embeddable":true,"href":"https:\/\/www.stz-fr.de\/cms\/wp-json\/wp\/v2\/comments?post=6126"}],"version-history":[{"count":0,"href":"https:\/\/www.stz-fr.de\/cms\/wp-json\/wp\/v2\/posts\/6126\/revisions"}],"wp:attachment":[{"href":"https:\/\/www.stz-fr.de\/cms\/wp-json\/wp\/v2\/media?parent=6126"}],"wp:term":[{"taxonomy":"category","embeddable":true,"href":"https:\/\/www.stz-fr.de\/cms\/wp-json\/wp\/v2\/categories?post=6126"},{"taxonomy":"post_tag","embeddable":true,"href":"https:\/\/www.stz-fr.de\/cms\/wp-json\/wp\/v2\/tags?post=6126"}],"curies":[{"name":"wp","href":"https:\/\/api.w.org\/{rel}","templated":true}]}}